{"id":2634,"date":"2017-12-22T17:41:42","date_gmt":"2017-12-22T19:41:42","guid":{"rendered":"http:\/\/genewei.com\/br\/?p=2634"},"modified":"2018-01-10T18:44:49","modified_gmt":"2018-01-10T20:44:49","slug":"dicas-de-saude-1","status":"publish","type":"post","link":"http:\/\/genewei.com\/br\/dicas-de-saude-1\/","title":{"rendered":"Dicas de Sa\u00fade 1: G\u00e2nglios Inchados Atr\u00e1s Orelha | Tumor no C\u00e9rebro | Cancer de Mama"},"content":{"rendered":"\n<!-- Facebook Like Button Vivacity Infotech BEGIN -->\n<div class=\"fb-like\" data-href=\"http:\/\/genewei.com\/br\/dicas-de-saude-1\/\" data-layout=\"standard\" data-action=\"like\" data-show-faces=\"true\" data-size=\"small\" data-width=\"550\" data-share=\"1\" ><\/div>\n<!-- Facebook Like Button Vivacity Infotech END -->\n<h2><strong>Dicas de Sa\u00fade:<\/strong> 3 Perguntas e Respostas<\/h2>\n<p><iframe src=\"https:\/\/www.youtube.com\/embed\/VX9zQaHyc0o\" width=\"560\" height=\"315\" frameborder=\"0\" allowfullscreen=\"allowfullscreen\"><\/iframe><\/p>\n<h2><strong>1a Pergunta:<\/strong><\/h2>\n<p><em><strong>&#8220;\u00c9 um paciente que tem g\u00e2nglios e inchados atr\u00e1s da orelha e doloridos ap\u00f3s o toque.&#8221;\u00a0\u2014 Marcelo<\/strong><\/em><\/p>\n<p>R: Oi Marcelo, ok, os g\u00e2nglios linf\u00e1ticos inchados podem ser causados \u200b\u200bpor muitas raz\u00f5es diferentes.<\/p>\n<p>Normalmente, \u00e9 uma infec\u00e7\u00e3o bacteriana ou viral, mas sempre h\u00e1 a possibilidade de que seja c\u00e2ncer, ent\u00e3o voc\u00ea definitivamente deve verific\u00e1-la pelo m\u00e9dico.<\/p>\n<p>No seu caso, j\u00e1 que voc\u00ea n\u00e3o tem certeza da situa\u00e7\u00e3o, se voc\u00ea quiser apoiar o seu corpo enquanto aguardando sua consulta m\u00e9dica, o que voc\u00ea ir\u00e1 querer fazer s\u00e3o 2 estrat\u00e9gias. Para simultaneamente apoiar sua fun\u00e7\u00e3o imunol\u00f3gica e, potencialmente, ajudar o seu corpo a combater o c\u00e2ncer, se de fato, se tornar c\u00e2ncer.<\/p>\n<p><strong>2 Estrat\u00e9gias:<\/strong><\/p>\n<p><strong>* Apoiar sua fun\u00e7\u00e3o imunol\u00f3gica<br \/>\n* Potencialmente ajudar seu corpo a combater o c\u00e2ncer<\/strong><\/p>\n<p>Ent\u00e3o, duas maneiras de fazer isso, por exemplo, s\u00e3o com alho e com cogumelos asi\u00e1ticos.<\/p>\n<p><strong>ALHO:<\/strong> Ent\u00e3o, com o alho, o que voc\u00ea realmente quer fazer \u00e9 esmagar o alho muito bem e deixar se sentar exposto ao ar por pelo menos 10 minutos. Dessa forma, os compostos antimicrobianos podem se formar.<\/p>\n<p><strong>COGUMELOS:<\/strong> Mas, com os cogumelos, a pesquisa foi feita nos cogumelos asi\u00e1ticos, ent\u00e3o esses realmente ser\u00e3o a sua melhor escolha. Cogumelos como Shitake, Enoki e Maitake. Voc\u00ea geralmente pode encontrar estes em um mercado asi\u00e1tico pr\u00f3ximo.\u00a0Se n\u00e3o conseguindo encontr\u00e1-los, voc\u00ea tamb\u00e9m pode usar cogumelos normais. E com cogumelos em geral, voc\u00ea realmente deve ter certeza de cozinh\u00e1-los.<\/p>\n<h3><strong>2 Suplementos:<\/strong><\/h3>\n<p>Ent\u00e3o, em termos de suplementos, as 2 \u00f3timas escolhas s\u00e3o:<\/p>\n<h3><strong><a href=\"http:\/\/genewei.com\/br\/produto\/beta-glucano\/\">Betaglucano<\/a> + <a href=\"http:\/\/genewei.com\/br\/produto\/enzima-de-apoio-imune\/\">um extrato do Venus Flytrap<\/a><\/strong><\/h3>\n<p>Mais uma vez, estes s\u00e3o suplementos que mostraram que ambos podem ajudar o sistema imunol\u00f3gico contra a infec\u00e7\u00e3o, e potencialmente podem ajudar seu corpo a combater o c\u00e2ncer.<\/p>\n<hr \/>\n<p><iframe src=\"https:\/\/www.youtube.com\/embed\/ix106UxHBIw\" width=\"560\" height=\"315\" frameborder=\"0\" allowfullscreen=\"allowfullscreen\"><\/iframe><\/p>\n<h2><strong>2a Pergunta:<\/strong><\/h2>\n<p><strong><em>\u201cBoa tarde, recebi a not\u00edcia que meu pai tem cirurgia 3a feira para retirada do tumor no c\u00e9rebro. Existe alguma forma de trat\u00e1-lo sem suplementos? Porque n\u00e3o tenho condi\u00e7\u00f5es de compr\u00e1-los. Se ele for tratado somente com frutas, \u00f3leo de linha\u00e7a e queijo cottage, ele vai ter uma boa melhora?\u201d<\/em><\/strong><\/p>\n<p>Ent\u00e3o, em geral, uma <em>abordagem integrativa<\/em> combina medicina convencional com medicina natural. E em termos de c\u00e2ncer, eu defendo uma <em>Abordagem Integrativa <strong>Agressiva<\/strong>.<\/em><a href=\"http:\/\/genewei.com\/br\/wp-content\/uploads\/2017\/12\/wp-medicina-integrativa-anti-cancer.jpg\"><img loading=\"lazy\" class=\"wp-image-2663 alignleft\" src=\"http:\/\/genewei.com\/br\/wp-content\/uploads\/2017\/12\/wp-medicina-integrativa-anti-cancer.jpg\" alt=\"\" width=\"250\" height=\"224\" srcset=\"http:\/\/genewei.com\/br\/wp-content\/uploads\/2017\/12\/wp-medicina-integrativa-anti-cancer.jpg 350w, http:\/\/genewei.com\/br\/wp-content\/uploads\/2017\/12\/wp-medicina-integrativa-anti-cancer-300x268.jpg 300w\" sizes=\"(max-width: 250px) 100vw, 250px\" \/><\/a><\/p>\n<p>E o que isso significa \u00e9 que o lado de apoio da medicina natural n\u00e3o \u00e9 apenas para apoiar seu corpo contra os efeitos colaterais. Tamb\u00e9m \u00e9 para realmente ajudar seu corpo a lutar contra o c\u00e2ncer em si, tanto quanto poss\u00edvel.<\/p>\n<p>Agora, no seu caso, pois seu or\u00e7amento n\u00e3o permite que voc\u00ea obtenha suplementos, \u00e9 algo muito bom. Voc\u00ea estar\u00e1 dependendo muito mais no tratamento do seu oncologista para ajudar a curar o c\u00e2ncer. Ent\u00e3o, em sua situa\u00e7\u00e3o, o lado natural de tudo \u00e9 mais favor\u00e1vel do que \u00e9 ativamente em ajudar a combater o c\u00e2ncer.<\/p>\n<p>Ent\u00e3o, se voc\u00ea quiser maximizar o potencial anticancer\u00edgeno de sua dieta, voc\u00ea realmente ir\u00e1 querer se concentrar em alimentos que possuem propriedades medicinais.<\/p>\n<p><a href=\"http:\/\/genewei.com\/br\/wp-content\/uploads\/2017\/12\/wp-alimentos-medicinais-anti-cancer.jpg\"><img loading=\"lazy\" class=\"alignright wp-image-2664\" src=\"http:\/\/genewei.com\/br\/wp-content\/uploads\/2017\/12\/wp-alimentos-medicinais-anti-cancer.jpg\" alt=\"\" width=\"200\" height=\"215\" srcset=\"http:\/\/genewei.com\/br\/wp-content\/uploads\/2017\/12\/wp-alimentos-medicinais-anti-cancer.jpg 350w, http:\/\/genewei.com\/br\/wp-content\/uploads\/2017\/12\/wp-alimentos-medicinais-anti-cancer-279x300.jpg 279w\" sizes=\"(max-width: 200px) 100vw, 200px\" \/><\/a>Algumas \u00f3timas escolhas para isso s\u00e3o: alho cru, cogumelos asi\u00e1ticos, vegetais cruc\u00edferos como br\u00f3colis, couve, couve-flor, legumes allium em geral. Al\u00e9m de alho tamb\u00e9m cebolas, cebolas verdes, alho-por\u00f3&#8230; ingredients como estes.<\/p>\n<p><strong>Alimentos que possuem propriedades medicinais anti-cancer:<\/strong><\/p>\n<ul>\n<li><em>Alho Cru<\/em><\/li>\n<li><em> Cogumelos Asi\u00e1ticos<\/em><\/li>\n<li><em>Vegetais Cruc\u00edferos como br\u00f3colis, couve, couve-flor<\/em><\/li>\n<li><em>Legumes Allium como<\/em><em>\u00a0cebolas, cebolas verdes, alho-por\u00f3, etc.<\/em><\/li>\n<\/ul>\n<p>Portanto, estes s\u00e3o os alimentos que demonstraram ter o potencial mais anticancer\u00edgeno. <em>E voc\u00ea realmente quer se concentrar nestes, se voc\u00ea n\u00e3o for capaz de incluir <a href=\"http:\/\/genewei.com\/br\/categoria-produto\/anti-cancer\/\">suplementos\u00a0anti-cancer<\/a> devido ao seu or\u00e7amento.<\/em><\/p>\n<hr \/>\n<p><iframe src=\"https:\/\/www.youtube.com\/embed\/y0LEr_p5YiI\" width=\"560\" height=\"315\" frameborder=\"0\" allowfullscreen=\"allowfullscreen\"><\/iframe><\/p>\n<h2><strong>3a Pergunta:<\/strong><\/h2>\n<p><em><strong>\u201cEu acabei de ser diagnosticada com o cancer de mama&#8230; Existe uma maneira de tomar os medicamentos que eles me indicaram&#8230; e depois de 1 ano trocar para o protocolo natural para prevenir o cancer novamente?&#8221;<\/strong><\/em><\/p>\n<p>Ent\u00e3o, voc\u00ea definitivamente tem a id\u00e9ia certa em termos de usar um protocolo de medicina natural ap\u00f3s seus tratamentos oncol\u00f3gicos, porque um dos maiores problemas com o c\u00e2ncer \u00e9 que mesmo quando o c\u00e2ncer se foi&#8230; na maioria dos casos, ainda <strong>haver\u00e3o algumas c\u00e9lulas de c\u00e2ncer restantes&#8230;<\/strong> c\u00e9lulas cancerosas que voc\u00ea n\u00e3o consegue ver.<\/p>\n<p><a href=\"http:\/\/genewei.com\/br\/wp-content\/uploads\/2017\/12\/wp-ajude-corpo-ou-cancer-volta-mais-agressivo.jpg\"><img loading=\"lazy\" class=\"alignnone size-full wp-image-2658\" src=\"http:\/\/genewei.com\/br\/wp-content\/uploads\/2017\/12\/wp-ajude-corpo-ou-cancer-volta-mais-agressivo.jpg\" alt=\"\" width=\"1130\" height=\"393\" srcset=\"http:\/\/genewei.com\/br\/wp-content\/uploads\/2017\/12\/wp-ajude-corpo-ou-cancer-volta-mais-agressivo.jpg 1130w, http:\/\/genewei.com\/br\/wp-content\/uploads\/2017\/12\/wp-ajude-corpo-ou-cancer-volta-mais-agressivo-350x122.jpg 350w, http:\/\/genewei.com\/br\/wp-content\/uploads\/2017\/12\/wp-ajude-corpo-ou-cancer-volta-mais-agressivo-300x104.jpg 300w, http:\/\/genewei.com\/br\/wp-content\/uploads\/2017\/12\/wp-ajude-corpo-ou-cancer-volta-mais-agressivo-768x267.jpg 768w, http:\/\/genewei.com\/br\/wp-content\/uploads\/2017\/12\/wp-ajude-corpo-ou-cancer-volta-mais-agressivo-1024x356.jpg 1024w\" sizes=\"(max-width: 1130px) 100vw, 1130px\" \/><\/a>E o maior problema com isso, \u00e9 que essas c\u00e9lulas cancerosas s\u00e3o muitas vezes mais resistentes, porque estas sobreviveram ao tratamento inicial, em primeiro lugar. E devido a essa resist\u00eancia adquirida, muitas vezes quando os c\u00e2nceres retornam, <strong>eles voltam mais agressivos e mais resistentes a tratamentos.<\/strong><\/p>\n<p>Ent\u00e3o, usando um protocolo natural ap\u00f3s os tratamentos do seu oncologista, pode ajudar seu corpo a lutar contra as c\u00e9lulas cancer\u00edgenas remanescentes, e a evitar que elas voltem. Mesmo depois de fazer isso, depois do tratamento oncol\u00f3gico, eu realmente recomendaria que o fizesse durante seu tratamento oncol\u00f3gico.<\/p>\n<p>Pelo menos entre sess\u00f5es de radioterapia e quimioterapia. <strong><em>Dessa forma, voc\u00ea ajudar\u00e1 seu corpo a combater o c\u00e2ncer ao longo do processo.<\/em><\/strong><\/p>\n<p><strong>veja o v\u00eddeo aqui:<\/strong> <a href=\"https:\/\/www.facebook.com\/CienciaeSaudeNatural\/videos\/1997961967113198\/\">facebook.com\/CienciaeSaudeNatural<\/a><\/p>\n<div id=\"fb-root\"><\/div>\n<p><script>(function(d, s, id) {  var js, fjs = d.getElementsByTagName(s)[0];  if (d.getElementById(id)) return;  js = d.createElement(s); js.id = id;  js.src = 'https:\/\/connect.facebook.net\/en_US\/sdk.js#xfbml=1&version=v2.11';  fjs.parentNode.insertBefore(js, fjs);}(document, 'script', 'facebook-jssdk'));<\/script><\/p>\n<div class=\"fb-video\" data-href=\"https:\/\/www.facebook.com\/CienciaeSaudeNatural\/videos\/1997961967113198\/\" data-width=\"500\">\n<blockquote cite=\"https:\/\/www.facebook.com\/CienciaeSaudeNatural\/videos\/1997961967113198\/\" class=\"fb-xfbml-parse-ignore\"><p><a href=\"https:\/\/www.facebook.com\/CienciaeSaudeNatural\/videos\/1997961967113198\/\">Dicas de Sa\u00fade 1: G\u00e2nglios e Inchados Atr\u00e1s da Orelha | Tumor no C\u00e9rebro sem Suplementos | Cancer de Mama com Medicamento Natural<\/a><\/p>\n<p>Lutando Contra o Cancer? N\u00f3s tamb\u00e9m! Venha visitar nosso site e inscreva-se! &lt;3Se d\u00favidas veja: http:\/\/genewei.com\/br\/envie\/E visite: http:\/\/genewei.com\/br\/dicas-de-saude-1\/<\/p>\n<p>Posted by <a href=\"https:\/\/www.facebook.com\/CienciaeSaudeNatural\/\">Ci\u00eancia e Sa\u00fade Natural<\/a> on Thursday, December 21, 2017<\/p><\/blockquote>\n<\/div>\n<hr \/>\n<h2><strong>Como Participar:<\/strong><\/h2>\n<p><strong>Essas foram as 3 d\u00favidas de hoje. Se voc\u00ea tiver uma, voc\u00ea pode envi\u00e1-la! Veja o link abaixo e participe do nosso grupo no <a href=\"https:\/\/www.facebook.com\/CienciaeSaudeNatural\/\">facebook.com\/CienciaeSaudeNatural<\/a> e <a href=\"https:\/\/www.youtube.com\/CienciaeSaudeNatural\">youtube.com\/CienciaeSaudeNatural.<\/a><\/strong><\/p>\n<h3><span style=\"color: #000000;\">Envie um v\u00eddeo de sua d\u00favida e voc\u00ea tamb\u00e9m poder\u00e1 participar dos v\u00eddeos educacionais. Veja:<\/span>\u00a0<strong><a href=\"http:\/\/genewei.com\/br\/envie\/\">genewei.com\/br\/envie\/<\/a><\/strong><\/h3>\n<hr \/>\n<h2><strong>Sobre o show &#8220;<\/strong><strong>Dicas de Sa\u00fade&#8221;<\/strong><strong>:<\/strong><\/h2>\n<p><a href=\"http:\/\/genewei.com\/br\/wp-content\/uploads\/2017\/12\/dicas-de-saude-video-ue-200.jpg\"><img loading=\"lazy\" class=\"size-full wp-image-2675 alignleft\" src=\"http:\/\/genewei.com\/br\/wp-content\/uploads\/2017\/12\/dicas-de-saude-video-ue-200.jpg\" alt=\"\" width=\"200\" height=\"200\" srcset=\"http:\/\/genewei.com\/br\/wp-content\/uploads\/2017\/12\/dicas-de-saude-video-ue-200.jpg 200w, http:\/\/genewei.com\/br\/wp-content\/uploads\/2017\/12\/dicas-de-saude-video-ue-200-100x100.jpg 100w, http:\/\/genewei.com\/br\/wp-content\/uploads\/2017\/12\/dicas-de-saude-video-ue-200-150x150.jpg 150w, http:\/\/genewei.com\/br\/wp-content\/uploads\/2017\/12\/dicas-de-saude-video-ue-200-45x45.jpg 45w\" sizes=\"(max-width: 200px) 100vw, 200px\" \/><\/a><em>Entendo nossas d\u00favidas pois eu mesma procurei solu\u00e7\u00f5es anti-c\u00e2ncer para ajudar fam\u00edlia e amigos&#8230; ent\u00e3o nesse 2018, vamos compartilh\u00e1-las com todos! Aqui est\u00e1 como:<\/em><\/p>\n<p><em><strong>1)<\/strong> Vamos fazer este projeto juntos. Me envie suas d\u00favidas, e eu estarei aqui nos EUA com o Dr. Gene e doutores de medicina natural e integrativa, e iremos compartilhar as orienta\u00e7\u00f5es.<\/em><\/p>\n<p><em><strong>2)<\/strong> Sua pergunta ajudar\u00e1 muitos outros! <a href=\"http:\/\/genewei.com\/br\/envie\/\">Veja como participar.<\/a><\/em><em>\u00a0obrigada, Ursula<\/em><\/p>\n<h3><\/h3>\n<!-- AddThis Advanced Settings generic via filter on the_content --><!-- AddThis Share Buttons generic via filter on the_content -->","protected":false},"excerpt":{"rendered":"<p>Dicas de Sa\u00fade: 3 Perguntas e Respostas 1a Pergunta: &#8220;\u00c9 um paciente que tem g\u00e2nglios e inchados atr\u00e1s da orelha e doloridos ap\u00f3s o toque.&#8221;\u00a0\u2014 Marcelo R: Oi Marcelo, ok, os g\u00e2nglios linf\u00e1ticos inchados podem ser causados \u200b\u200bpor muitas raz\u00f5es diferentes. Normalmente, \u00e9 uma infec\u00e7\u00e3o bacteriana ou viral, mas sempre h\u00e1 a possibilidade de que<a class=\"moretag\" href=\"http:\/\/genewei.com\/br\/dicas-de-saude-1\/\"> [&#8230;] <\/a><!-- AddThis Advanced Settings generic via filter on wp_trim_excerpt --><!-- AddThis Share Buttons generic via filter on wp_trim_excerpt --><\/p>\n","protected":false},"author":9,"featured_media":0,"comment_status":"open","ping_status":"open","sticky":false,"template":"","format":"standard","meta":{"sfsi_plus_gutenberg_text_before_share":"","sfsi_plus_gutenberg_show_text_before_share":"","sfsi_plus_gutenberg_icon_type":"","sfsi_plus_gutenberg_icon_alignemt":"","sfsi_plus_gutenburg_max_per_row":"","_genesis_hide_title":false,"_genesis_hide_breadcrumbs":false,"_genesis_hide_singular_image":false,"_genesis_hide_footer_widgets":false,"_genesis_custom_body_class":"dicas-de-saude-1","_genesis_custom_post_class":"","_genesis_layout":""},"categories":[60],"tags":[],"_links":{"self":[{"href":"http:\/\/genewei.com\/br\/wp-json\/wp\/v2\/posts\/2634"}],"collection":[{"href":"http:\/\/genewei.com\/br\/wp-json\/wp\/v2\/posts"}],"about":[{"href":"http:\/\/genewei.com\/br\/wp-json\/wp\/v2\/types\/post"}],"author":[{"embeddable":true,"href":"http:\/\/genewei.com\/br\/wp-json\/wp\/v2\/users\/9"}],"replies":[{"embeddable":true,"href":"http:\/\/genewei.com\/br\/wp-json\/wp\/v2\/comments?post=2634"}],"version-history":[{"count":5,"href":"http:\/\/genewei.com\/br\/wp-json\/wp\/v2\/posts\/2634\/revisions"}],"predecessor-version":[{"id":2745,"href":"http:\/\/genewei.com\/br\/wp-json\/wp\/v2\/posts\/2634\/revisions\/2745"}],"wp:attachment":[{"href":"http:\/\/genewei.com\/br\/wp-json\/wp\/v2\/media?parent=2634"}],"wp:term":[{"taxonomy":"category","embeddable":true,"href":"http:\/\/genewei.com\/br\/wp-json\/wp\/v2\/categories?post=2634"},{"taxonomy":"post_tag","embeddable":true,"href":"http:\/\/genewei.com\/br\/wp-json\/wp\/v2\/tags?post=2634"}],"curies":[{"name":"wp","href":"https:\/\/api.w.org\/{rel}","templated":true}]}}