{"id":2812,"date":"2018-02-06T18:32:39","date_gmt":"2018-02-06T20:32:39","guid":{"rendered":"http:\/\/genewei.com\/br\/?p=2812"},"modified":"2018-02-07T17:19:29","modified_gmt":"2018-02-07T19:19:29","slug":"como-acompanhar-a-radioterapia-e-o-que-fazer-depois-dela","status":"publish","type":"post","link":"http:\/\/genewei.com\/br\/como-acompanhar-a-radioterapia-e-o-que-fazer-depois-dela\/","title":{"rendered":"Como acompanhar a Radioterapia? E o que fazer depois dela?"},"content":{"rendered":"\n<!-- Facebook Like Button Vivacity Infotech BEGIN -->\n<div class=\"fb-like\" data-href=\"http:\/\/genewei.com\/br\/como-acompanhar-a-radioterapia-e-o-que-fazer-depois-dela\/\" data-layout=\"standard\" data-action=\"like\" data-show-faces=\"true\" data-size=\"small\" data-width=\"550\" data-share=\"1\" ><\/div>\n<!-- Facebook Like Button Vivacity Infotech END -->\n<p><a href=\"http:\/\/genewei.com\/br\/wp-content\/uploads\/2018\/02\/como-acompanhar-radioterapia-antes-depois.jpg\"><img loading=\"lazy\" class=\"alignnone size-medium_large wp-image-2818\" src=\"http:\/\/genewei.com\/br\/wp-content\/uploads\/2018\/02\/como-acompanhar-radioterapia-antes-depois-768x299.jpg\" alt=\"\" width=\"768\" height=\"299\" srcset=\"http:\/\/genewei.com\/br\/wp-content\/uploads\/2018\/02\/como-acompanhar-radioterapia-antes-depois-768x299.jpg 768w, http:\/\/genewei.com\/br\/wp-content\/uploads\/2018\/02\/como-acompanhar-radioterapia-antes-depois-350x136.jpg 350w, http:\/\/genewei.com\/br\/wp-content\/uploads\/2018\/02\/como-acompanhar-radioterapia-antes-depois-300x117.jpg 300w, http:\/\/genewei.com\/br\/wp-content\/uploads\/2018\/02\/como-acompanhar-radioterapia-antes-depois.jpg 900w\" sizes=\"(max-width: 768px) 100vw, 768px\" \/><\/a><\/p>\n<h3><span style=\"color: #000000;\"><strong><em>P: Ol\u00e1, Tenho uma pessoa com tumores no c\u00e9rebro. Ela vai come\u00e7ar uma Radioterapia agora. O que ela pode usar para acompanhar a Radioterapia e depois dela?<\/em><\/strong><\/span><\/h3>\n<p>Oi Marcelo&#8230; H\u00e1 muitas coisas que podem e devem ser usadas durante a radioterapia.\u00a0Mas 2 das mais importantes s\u00e3o\u2026<\/p>\n<ul>\n<li><b>Terapia de Oxig\u00eanio<\/b><\/li>\n<li><b><a href=\"http:\/\/genewei.com\/br\/produto\/turkey-tail\/\">Cogumelos Trametes Versicolor<\/a><\/b><\/li>\n<\/ul>\n<p><iframe src=\"https:\/\/www.youtube.com\/embed\/osBN8K-8OsQ\" width=\"560\" height=\"315\" frameborder=\"0\" allowfullscreen=\"allowfullscreen\" data-mce-fragment=\"1\"><\/iframe><\/p>\n<p>Uma das maneiras nas quais a <strong>Terapia de Radia\u00e7\u00e3o<\/strong> funciona \u00e9 em criar radicais livres de oxig\u00eanio. Isso prejudica o DNA nas c\u00e9lulas cancerosas para ajudar a mat\u00e1-las.<\/p>\n<p>Mas os tumores geralmente t\u00eam \u00e1reas de baixo oxig\u00eanio devido \u00e0 forma\u00e7\u00e3o insuficiente de vasos sangu\u00edneos.<\/p>\n<p>E d\u00ea uma olhada nestes gr\u00e1ficos aqui&#8230; estes s\u00e3o de estudos realizados na Alemanha&#8230; e eles mostram o que empobrece o oxig\u00eanio no corpo.<\/p>\n<p><img loading=\"lazy\" class=\"aligncenter wp-image-2786\" src=\"http:\/\/genewei.com\/br\/wp-content\/uploads\/2018\/02\/GW-Sem-Oxigenoterapia-2.jpg\" alt=\"\" width=\"450\" height=\"196\" srcset=\"http:\/\/genewei.com\/br\/wp-content\/uploads\/2018\/02\/GW-Sem-Oxigenoterapia-2.jpg 800w, http:\/\/genewei.com\/br\/wp-content\/uploads\/2018\/02\/GW-Sem-Oxigenoterapia-2-350x153.jpg 350w, http:\/\/genewei.com\/br\/wp-content\/uploads\/2018\/02\/GW-Sem-Oxigenoterapia-2-300x131.jpg 300w, http:\/\/genewei.com\/br\/wp-content\/uploads\/2018\/02\/GW-Sem-Oxigenoterapia-2-768x335.jpg 768w\" sizes=\"(max-width: 450px) 100vw, 450px\" \/><\/p>\n<p>&nbsp;<\/p>\n<p><img loading=\"lazy\" class=\"aligncenter wp-image-2785\" src=\"http:\/\/genewei.com\/br\/wp-content\/uploads\/2018\/02\/GW-Sem-Oxigenoterapia.jpg\" alt=\"\" width=\"450\" height=\"196\" srcset=\"http:\/\/genewei.com\/br\/wp-content\/uploads\/2018\/02\/GW-Sem-Oxigenoterapia.jpg 800w, http:\/\/genewei.com\/br\/wp-content\/uploads\/2018\/02\/GW-Sem-Oxigenoterapia-350x153.jpg 350w, http:\/\/genewei.com\/br\/wp-content\/uploads\/2018\/02\/GW-Sem-Oxigenoterapia-300x131.jpg 300w, http:\/\/genewei.com\/br\/wp-content\/uploads\/2018\/02\/GW-Sem-Oxigenoterapia-768x335.jpg 768w\" sizes=\"(max-width: 450px) 100vw, 450px\" \/><\/p>\n<p>Como voc\u00ea pode ver, a<strong> falta de exerc\u00edcio<\/strong> pode fazer isso&#8230; combine isso com o estresse e \u00e9 ainda pior&#8230; Mas se voc\u00ea olhar aqui, voc\u00ea ver\u00e1 que os pr\u00f3prios tratamentos contra o c\u00e2ncer t\u00eam efeitos que destroem o oxig\u00eanio&#8230; e muitos deles dependem de boa oxigena\u00e7\u00e3o para funcionar.<\/p>\n<p>Em \u00faltima an\u00e1lise, quando voc\u00ea tem <strong>\u00e1reas de baixa oxigena\u00e7\u00e3o em tumores,<\/strong> a radioterapia n\u00e3o pode funcionar muito bem&#8230; Portanto, a <strong>terapia com oxig\u00eanio<\/strong> pode ajudar a aumentar o oxig\u00eanio nos tumores, permitindo que a radia\u00e7\u00e3o possa funcionar melhor.<\/p>\n<p><img loading=\"lazy\" class=\"aligncenter wp-image-2784\" src=\"http:\/\/genewei.com\/br\/wp-content\/uploads\/2018\/02\/GW-Com-Oxigenoterapia-2.jpg\" alt=\"\" width=\"450\" height=\"239\" srcset=\"http:\/\/genewei.com\/br\/wp-content\/uploads\/2018\/02\/GW-Com-Oxigenoterapia-2.jpg 800w, http:\/\/genewei.com\/br\/wp-content\/uploads\/2018\/02\/GW-Com-Oxigenoterapia-2-350x186.jpg 350w, http:\/\/genewei.com\/br\/wp-content\/uploads\/2018\/02\/GW-Com-Oxigenoterapia-2-300x159.jpg 300w, http:\/\/genewei.com\/br\/wp-content\/uploads\/2018\/02\/GW-Com-Oxigenoterapia-2-768x407.jpg 768w\" sizes=\"(max-width: 450px) 100vw, 450px\" \/><\/p>\n<p>Existem basicamente 3 op\u00e7\u00f5es para isso.<\/p>\n<p><strong>1. Oxigenoterapia Hiperb\u00e1rica&#8230;<\/strong> Isso envolve a respira\u00e7\u00e3o de oxig\u00eanio sob press\u00e3o.<\/p>\n<p><strong>2. Oxigenoterapia de Multiest\u00e1gio\u2026<\/strong> Isso envolve a respira\u00e7\u00e3o de oxig\u00eanio de uma m\u00e1quina durante o exerc\u00edcio.<\/p>\n<p><strong>3. Exerc\u00edcio Aer\u00f3bico&#8230;<\/strong> se a pessoa n\u00e3o pode fazer as outras 2 terapias de oxig\u00eanio&#8230; o exerc\u00edcio aer\u00f3bio tamb\u00e9m pode aumentar a oxigena\u00e7\u00e3o em \u00e1reas que t\u00eam fraca circula\u00e7\u00e3o. Eu sempre enfatizo a import\u00e2ncia disso, mesmo que a pessoa j\u00e1 esteja fazendo oxigenoterapia.<\/p>\n<p>Com as 3 dessas coisas, \u00e9 melhor faz\u00ea-las antes de entrar para a radia\u00e7\u00e3o, se poss\u00edvel. Dessa forma, h\u00e1 boa circula\u00e7\u00e3o e oxigena\u00e7\u00e3o durante o tratamento de radia\u00e7\u00e3o presente.<\/p>\n<p>Al\u00e9m disso, voc\u00ea quer continuar com essas coisas ap\u00f3s o tratamento&#8230; porque as c\u00e9lulas cancerosas restantes v\u00e3o adorar a pouca oxigena\u00e7\u00e3o&#8230; e como voc\u00ea j\u00e1 viu, os pr\u00f3prios tratamentos contra o c\u00e2ncer podem esgotar o oxig\u00eanio do tecido no organismo.<\/p>\n<p><em><strong>Aqui est\u00e1 um fato interessante&#8230;<\/strong><\/em> A terapia com oxig\u00eanio m\u00faltiplo tem sido usada em conjunto com a radioterapia h\u00e1 d\u00e9cadas na Alemanha. Portanto, os benef\u00edcios foram bem documentados e conhecidos h\u00e1 muito tempo.<\/p>\n<p>Mas em 2013, a Universidade do Texas tamb\u00e9m descobriu que a inala\u00e7\u00e3o de oxig\u00eanio ajudou a aumentar os efeitos da radia\u00e7\u00e3o. Ent\u00e3o, isso apenas diz que algumas terapias ben\u00e9ficas se perdem e s\u00e3o ignoradas pelo sistema m\u00e9dico. Mas se voc\u00ea entende e conhece t\u00e9cnicas, voc\u00ea pode us\u00e1-las agora, pois normalmente n\u00e3o s\u00e3o t\u00f3xicas e s\u00e3o seguras de usar.<\/p>\n<p>Ent\u00e3o, a outra estrat\u00e9gia que voc\u00ea pode usar durante a terapia de radia\u00e7\u00e3o \u00e9\u2026<\/p>\n<p><strong><a href=\"http:\/\/genewei.com\/br\/produto\/turkey-tail\/\">Cogumelos Trametes Versicolor<\/a> \u2014<\/strong> Porque o outro grande problema com a terapia de radia\u00e7\u00e3o \u00e9 que machuca o sistema imunol\u00f3gico. Voc\u00ea quer evitar isso porque seu sistema imunol\u00f3gico \u00e9 um fator importante para ajudar a combater o c\u00e2ncer.<\/p>\n<p>Ent\u00e3o, a melhor maneira de prevenir a supress\u00e3o imune durante a radioterapia \u00e9 com o Cogumelo Trametes Versicolor. Isso foi demonstrado por um estudo na Universidade de Minnesota.<\/p>\n<p><strong>Uma boa dosagem para isso \u00e9 6-9 gramas,<\/strong> dividida em 2 ou 3 doses ao longo do dia&#8230; entre refei\u00e7\u00f5es em um est\u00f4mago vazio. Apenas certifique-se de obter um produto de alta qualidade.<\/p>\n<p>Ent\u00e3o esperamos que isso ajude, e obrigado pela pergunta.<\/p>\n<p><img loading=\"lazy\" class=\"wp-image-2787 aligncenter\" src=\"http:\/\/genewei.com\/br\/wp-content\/uploads\/2018\/02\/GW-Sem-Trametes-Versicolor.jpg\" alt=\"\" width=\"350\" height=\"279\" srcset=\"http:\/\/genewei.com\/br\/wp-content\/uploads\/2018\/02\/GW-Sem-Trametes-Versicolor.jpg 798w, http:\/\/genewei.com\/br\/wp-content\/uploads\/2018\/02\/GW-Sem-Trametes-Versicolor-350x279.jpg 350w, http:\/\/genewei.com\/br\/wp-content\/uploads\/2018\/02\/GW-Sem-Trametes-Versicolor-300x239.jpg 300w, http:\/\/genewei.com\/br\/wp-content\/uploads\/2018\/02\/GW-Sem-Trametes-Versicolor-768x611.jpg 768w\" sizes=\"(max-width: 350px) 100vw, 350px\" \/><\/p>\n<p style=\"text-align: center;\"><a href=\"http:\/\/genewei.com\/br\/produto\/turkey-tail\/\">Turquia Cauda (Cogumelos Trametes Versicolor) (120 vcaps)<\/a><\/p>\n<hr \/>\n<p style=\"text-align: center;\"><strong>Veja o video aqui:\u00a0<\/strong><a href=\"https:\/\/www.youtube.com\/watch?v=osBN8K-8OsQ\">https:\/\/www.youtube.com\/watch?v=osBN8K-8OsQ<\/a><\/p>\n<h3><\/h3>\n<!-- AddThis Advanced Settings generic via filter on the_content --><!-- AddThis Share Buttons generic via filter on the_content -->","protected":false},"excerpt":{"rendered":"<p>P: Ol\u00e1, Tenho uma pessoa com tumores no c\u00e9rebro. Ela vai come\u00e7ar uma Radioterapia agora. O que ela pode usar para acompanhar a Radioterapia e depois dela? Oi Marcelo&#8230; H\u00e1 muitas coisas que podem e devem ser usadas durante a radioterapia.\u00a0Mas 2 das mais importantes s\u00e3o\u2026 Terapia de Oxig\u00eanio Cogumelos Trametes Versicolor Uma das maneiras<a class=\"moretag\" href=\"http:\/\/genewei.com\/br\/como-acompanhar-a-radioterapia-e-o-que-fazer-depois-dela\/\"> [&#8230;] <\/a><!-- AddThis Advanced Settings generic via filter on wp_trim_excerpt --><!-- AddThis Share Buttons generic via filter on wp_trim_excerpt --><\/p>\n","protected":false},"author":9,"featured_media":2818,"comment_status":"open","ping_status":"open","sticky":false,"template":"","format":"standard","meta":{"sfsi_plus_gutenberg_text_before_share":"","sfsi_plus_gutenberg_show_text_before_share":"","sfsi_plus_gutenberg_icon_type":"","sfsi_plus_gutenberg_icon_alignemt":"","sfsi_plus_gutenburg_max_per_row":"","_genesis_hide_title":false,"_genesis_hide_breadcrumbs":false,"_genesis_hide_singular_image":false,"_genesis_hide_footer_widgets":false,"_genesis_custom_body_class":"","_genesis_custom_post_class":"","_genesis_layout":""},"categories":[60,75,62],"tags":[134,133,132,131],"_links":{"self":[{"href":"http:\/\/genewei.com\/br\/wp-json\/wp\/v2\/posts\/2812"}],"collection":[{"href":"http:\/\/genewei.com\/br\/wp-json\/wp\/v2\/posts"}],"about":[{"href":"http:\/\/genewei.com\/br\/wp-json\/wp\/v2\/types\/post"}],"author":[{"embeddable":true,"href":"http:\/\/genewei.com\/br\/wp-json\/wp\/v2\/users\/9"}],"replies":[{"embeddable":true,"href":"http:\/\/genewei.com\/br\/wp-json\/wp\/v2\/comments?post=2812"}],"version-history":[{"count":5,"href":"http:\/\/genewei.com\/br\/wp-json\/wp\/v2\/posts\/2812\/revisions"}],"predecessor-version":[{"id":2820,"href":"http:\/\/genewei.com\/br\/wp-json\/wp\/v2\/posts\/2812\/revisions\/2820"}],"wp:featuredmedia":[{"embeddable":true,"href":"http:\/\/genewei.com\/br\/wp-json\/wp\/v2\/media\/2818"}],"wp:attachment":[{"href":"http:\/\/genewei.com\/br\/wp-json\/wp\/v2\/media?parent=2812"}],"wp:term":[{"taxonomy":"category","embeddable":true,"href":"http:\/\/genewei.com\/br\/wp-json\/wp\/v2\/categories?post=2812"},{"taxonomy":"post_tag","embeddable":true,"href":"http:\/\/genewei.com\/br\/wp-json\/wp\/v2\/tags?post=2812"}],"curies":[{"name":"wp","href":"https:\/\/api.w.org\/{rel}","templated":true}]}}